{"id":2285,"date":"2026-04-24T14:08:31","date_gmt":"2026-04-24T12:08:31","guid":{"rendered":"https:\/\/askem.eu\/?p=2285"},"modified":"2026-04-24T14:08:35","modified_gmt":"2026-04-24T12:08:35","slug":"graphrag-quand-le-graphe-de-connaissances-remplace-ou-complete-la-base-vectorielle","status":"publish","type":"post","link":"https:\/\/askem.eu\/en\/2026\/04\/24\/graphrag-quand-le-graphe-de-connaissances-remplace-ou-complete-la-base-vectorielle\/","title":{"rendered":"GraphRAG : quand le graphe de connaissances remplace (ou compl\u00e8te) la base vectorielle"},"content":{"rendered":"<h2 class=\"wp-block-heading\">GraphRAG&nbsp;: quand le graphe de connaissances remplace (ou compl\u00e8te) la base vectorielle<\/h2>\n\n\n\n<p>Le RAG classique fonctionne bien quand la question porte sur un passage pr\u00e9cis d&rsquo;un document. Il \u00e9choue d\u00e8s qu&rsquo;il faut <em>relier<\/em> plusieurs informations dispers\u00e9es&nbsp;:  \u00ab&nbsp;quels sont les sujets r\u00e9currents dans ce corpus&nbsp;?&nbsp;\u00bb,  \u00ab&nbsp;qui collabore avec qui&nbsp;?&nbsp;\u00bb,  \u00ab&nbsp;comment tel acteur influence-t-il tel autre&nbsp;?&nbsp;\u00bb. <strong><a href=\"https:\/\/graphrag.com\">GraphRAG<\/a><\/strong> r\u00e9pond \u00e0 ce besoin en indexant le corpus sous forme de graphe&nbsp;: entit\u00e9s, relations, communaut\u00e9s, plut\u00f4t que (ou en plus de) chunks vectoris\u00e9s. Microsoft Research a popularis\u00e9 l&rsquo;approche en 2024 avec son projet open source&nbsp;; l&rsquo;\u00e9cosyst\u00e8me s&rsquo;est depuis \u00e9largi \u00e0 Neo4j, LlamaIndex et LangChain, tous disponibles en licence \u00ab\u00a0permissive\u00a0\u00bb.<\/p>\n\n\n\n<h3 class=\"wp-block-heading\">Ce que le vecteur ne sait pas faire<\/h3>\n\n\n\n<p>Une base vectorielle r\u00e9pond tr\u00e8s bien aux questions <em>locales<\/em> (quel paragraphe parle de X), mais elle \u00e9choue sur les questions <em>globales<\/em> qui exigent d&rsquo;agr\u00e9ger des dizaines de documents. Exemple&nbsp;: sur un corpus de comptes-rendus de projet, retrouver  \u00ab&nbsp;les trois risques structurels qui reviennent depuis deux ans&nbsp;\u00bb suppose de regrouper les signaux faibles, pas de pointer un chunk isol\u00e9. Un graphe r\u00e9sout ce probl\u00e8me en rendant les relations explicites et navigables.<\/p>\n\n\n\n<h3 class=\"wp-block-heading\">Anatomie d&rsquo;un pipeline GraphRAG<\/h3>\n\n\n\n<p>Le sch\u00e9ma classique, quel que soit l&rsquo;outillage, comporte quatre \u00e9tapes&nbsp;:<\/p>\n\n\n\n<ul class=\"wp-block-list\">\n<li><strong>Extraction<\/strong>&nbsp;: un LLM parcourt chaque document et en extrait entit\u00e9s (personnes, lieux, concepts, organisations) et relations ( \u00ab&nbsp;A finance B&nbsp;\u00bb,  \u00ab&nbsp;B d\u00e9pend de C&nbsp;\u00bb). Sortie typique&nbsp;: triplets sujet-pr\u00e9dicat-objet.<\/li>\n\n\n\n<li><strong>Construction du graphe<\/strong>&nbsp;: les triplets sont consolid\u00e9s (d\u00e9duplication des entit\u00e9s, fusion des alias) et persist\u00e9s dans une base graphe&nbsp;: Neo4j, Memgraph, ou un simple format JSON\/Parquet pour les petits volumes.<\/li>\n\n\n\n<li><strong>D\u00e9tection de communaut\u00e9s<\/strong>&nbsp;: un algorithme comme Leiden regroupe les n\u0153uds fortement connect\u00e9s en clusters th\u00e9matiques. Chaque communaut\u00e9 re\u00e7oit ensuite un r\u00e9sum\u00e9 g\u00e9n\u00e9r\u00e9 par LLM, c&rsquo;est la brique-cl\u00e9 qui permet les questions globales.<\/li>\n\n\n\n<li><strong>Interrogation hybride<\/strong>&nbsp;: selon la question, le syst\u00e8me choisit une recherche locale (voisinage d&rsquo;un n\u0153ud), globale (r\u00e9sum\u00e9s de communaut\u00e9s) ou mixte.<\/li>\n<\/ul>\n\n\n\n<h3 class=\"wp-block-heading\">Trois impl\u00e9mentations open source cr\u00e9dibles<\/h3>\n\n\n\n<ul class=\"wp-block-list\">\n<li><strong>Microsoft GraphRAG<\/strong> (licence MIT)&nbsp;: l&rsquo;impl\u00e9mentation de r\u00e9f\u00e9rence, tr\u00e8s compl\u00e8te mais co\u00fbteuse en tokens \u00e0 l&rsquo;indexation. Id\u00e9ale pour explorer l&rsquo;approche sur un corpus ferm\u00e9.<\/li>\n\n\n\n<li><strong>Neo4j + LLM Graph Builder<\/strong>&nbsp;: pile mature, graphe natif, requ\u00eates Cypher pour les questions complexes, int\u00e9gration directe avec LangChain et LlamaIndex. Plus artisanale mais plus contr\u00f4lable.<\/li>\n\n\n\n<li><strong>LightRAG<\/strong> (licence MIT, HKU)&nbsp;: alternative plus l\u00e9g\u00e8re \u00e0 Microsoft GraphRAG, incr\u00e9mentale (on peut ajouter des documents sans tout r\u00e9indexer) et moins gourmande en LLM calls.<\/li>\n<\/ul>\n\n\n\n<h3 class=\"wp-block-heading\">Co\u00fbts et limites \u00e0 conna\u00eetre<\/h3>\n\n\n\n<p>GraphRAG n&rsquo;est pas gratuit. L&rsquo;\u00e9tape d&rsquo;extraction consomme beaucoup de tokens, il faut compter plusieurs appels LLM par document, ce qui rend une version 100&nbsp;% auto-h\u00e9berg\u00e9e (Ollama, vLLM) tr\u00e8s recommand\u00e9e. La d\u00e9tection de communaut\u00e9s et leurs r\u00e9sum\u00e9s ajoutent un co\u00fbt d&rsquo;indexation non n\u00e9gligeable, mais qui s&rsquo;amortit sur la dur\u00e9e d&rsquo;exploitation. Sur un petit corpus (&lt; 100 documents), un RAG vectoriel classique suffit souvent&nbsp;; GraphRAG prend tout son sens sur des corpus volumineux, h\u00e9t\u00e9rog\u00e8nes, ou quand la valeur est dans les <em>liens<\/em> entre documents.<\/p>\n\n\n\n<h3 class=\"wp-block-heading\">Hybrider plut\u00f4t que remplacer<\/h3>\n\n\n\n<p>Le pattern qui \u00e9merge en 2025 n&rsquo;est pas  \u00ab&nbsp;graphe contre vecteur&nbsp;\u00bb mais les deux simultan\u00e9ment&nbsp;: un pgvector ou un Qdrant pour le retrieval local classique, un Neo4j pour la navigation relationnelle, et un orchestrateur (LangGraph, Dify) qui route la requ\u00eate vers la bonne strat\u00e9gie selon son type. Le reranker vu dans le sujet pr\u00e9c\u00e9dent trouve sa place naturellement en sortie du retrieval vectoriel, tandis que le graphe alimente les questions agr\u00e9g\u00e9es.<\/p>\n\n\n\n<h3 class=\"wp-block-heading\">Par o\u00f9 commencer<\/h3>\n\n\n\n<p>Pour un POC rapide&nbsp;: Neo4j Community Edition en Docker, LlamaIndex ou LangChain comme couche d&rsquo;int\u00e9gration, Ollama en backend LLM pour la phase d&rsquo;extraction. Pr\u00e9voir un premier corpus de test bien d\u00e9limit\u00e9 (quelques dizaines de documents th\u00e9matiques) et mesurer la valeur ajout\u00e9e sur trois \u00e0 cinq questions typiques qui sont aujourd&rsquo;hui mal trait\u00e9es par le RAG vectoriel. Si la r\u00e9ponse est nettement meilleure, c&rsquo;est un signal fort pour passer \u00e0 l&rsquo;\u00e9chelle.<\/p>\n\n\n\n<p>GraphRAG n&rsquo;est pas une \u00e9ni\u00e8me mode&nbsp;: c&rsquo;est le moment o\u00f9 le RAG sort de la logique  \u00ab&nbsp;chercher un passage&nbsp;\u00bb pour entrer dans celle de  \u00ab&nbsp;comprendre un ensemble&nbsp;\u00bb. Un passage oblig\u00e9 pour toute organisation qui veut exploiter s\u00e9rieusement un patrimoine documentaire.<\/p>","protected":false},"excerpt":{"rendered":"<p>GraphRAG&nbsp;: quand le graphe de connaissances remplace (ou compl\u00e8te) la base vectorielle Le RAG classique fonctionne bien quand la question porte sur un passage pr\u00e9cis d&rsquo;un document. Il \u00e9choue d\u00e8s qu&rsquo;il faut relier plusieurs informations dispers\u00e9es&nbsp;: \u00ab&nbsp;quels sont les sujets r\u00e9currents dans ce corpus&nbsp;?&nbsp;\u00bb, \u00ab&nbsp;qui collabore avec qui&nbsp;?&nbsp;\u00bb, \u00ab&nbsp;comment tel acteur influence-t-il tel autre&nbsp;?&nbsp;\u00bb. GraphRAG [&hellip;]<\/p>\n","protected":false},"author":1,"featured_media":2286,"comment_status":"open","ping_status":"open","sticky":false,"template":"","format":"standard","meta":{"ocean_post_layout":"","ocean_both_sidebars_style":"","ocean_both_sidebars_content_width":0,"ocean_both_sidebars_sidebars_width":0,"ocean_sidebar":"","ocean_second_sidebar":"","ocean_disable_margins":"enable","ocean_add_body_class":"","ocean_shortcode_before_top_bar":"","ocean_shortcode_after_top_bar":"","ocean_shortcode_before_header":"","ocean_shortcode_after_header":"","ocean_has_shortcode":"","ocean_shortcode_after_title":"","ocean_shortcode_before_footer_widgets":"","ocean_shortcode_after_footer_widgets":"","ocean_shortcode_before_footer_bottom":"","ocean_shortcode_after_footer_bottom":"","ocean_display_top_bar":"default","ocean_display_header":"default","ocean_header_style":"","ocean_center_header_left_menu":"","ocean_custom_header_template":"","ocean_custom_logo":0,"ocean_custom_retina_logo":0,"ocean_custom_logo_max_width":0,"ocean_custom_logo_tablet_max_width":0,"ocean_custom_logo_mobile_max_width":0,"ocean_custom_logo_max_height":0,"ocean_custom_logo_tablet_max_height":0,"ocean_custom_logo_mobile_max_height":0,"ocean_header_custom_menu":"","ocean_menu_typo_font_family":"","ocean_menu_typo_font_subset":"","ocean_menu_typo_font_size":0,"ocean_menu_typo_font_size_tablet":0,"ocean_menu_typo_font_size_mobile":0,"ocean_menu_typo_font_size_unit":"px","ocean_menu_typo_font_weight":"","ocean_menu_typo_font_weight_tablet":"","ocean_menu_typo_font_weight_mobile":"","ocean_menu_typo_transform":"","ocean_menu_typo_transform_tablet":"","ocean_menu_typo_transform_mobile":"","ocean_menu_typo_line_height":0,"ocean_menu_typo_line_height_tablet":0,"ocean_menu_typo_line_height_mobile":0,"ocean_menu_typo_line_height_unit":"","ocean_menu_typo_spacing":0,"ocean_menu_typo_spacing_tablet":0,"ocean_menu_typo_spacing_mobile":0,"ocean_menu_typo_spacing_unit":"","ocean_menu_link_color":"","ocean_menu_link_color_hover":"","ocean_menu_link_color_active":"","ocean_menu_link_background":"","ocean_menu_link_hover_background":"","ocean_menu_link_active_background":"","ocean_menu_social_links_bg":"","ocean_menu_social_hover_links_bg":"","ocean_menu_social_links_color":"","ocean_menu_social_hover_links_color":"","ocean_disable_title":"default","ocean_disable_heading":"default","ocean_post_title":"","ocean_post_subheading":"","ocean_post_title_style":"","ocean_post_title_background_color":"","ocean_post_title_background":0,"ocean_post_title_bg_image_position":"","ocean_post_title_bg_image_attachment":"","ocean_post_title_bg_image_repeat":"","ocean_post_title_bg_image_size":"","ocean_post_title_height":0,"ocean_post_title_bg_overlay":0.5,"ocean_post_title_bg_overlay_color":"","ocean_disable_breadcrumbs":"default","ocean_breadcrumbs_color":"","ocean_breadcrumbs_separator_color":"","ocean_breadcrumbs_links_color":"","ocean_breadcrumbs_links_hover_color":"","ocean_display_footer_widgets":"default","ocean_display_footer_bottom":"default","ocean_custom_footer_template":"","osh_disable_topbar_sticky":"default","osh_disable_header_sticky":"default","osh_sticky_header_style":"default","osh_sticky_header_effect":"","osh_custom_sticky_logo":0,"osh_custom_retina_sticky_logo":0,"osh_custom_sticky_logo_height":0,"osh_background_color":"","osh_links_color":"","osh_links_hover_color":"","osh_links_active_color":"","osh_links_bg_color":"","osh_links_hover_bg_color":"","osh_links_active_bg_color":"","osh_menu_social_links_color":"","osh_menu_social_hover_links_color":"","ocean_post_oembed":"","ocean_post_self_hosted_media":"","ocean_post_video_embed":"","ocean_link_format":"","ocean_link_format_target":"self","ocean_quote_format":"","ocean_quote_format_link":"post","ocean_gallery_link_images":"on","ocean_gallery_id":[],"footnotes":""},"categories":[16],"tags":[],"class_list":["post-2285","post","type-post","status-publish","format-standard","has-post-thumbnail","hentry","category-ai","entry","has-media"],"yoast_head":"<!-- This site is optimized with the Yoast SEO plugin v27.4 - https:\/\/yoast.com\/product\/yoast-seo-wordpress\/ -->\n<title>GraphRAG : quand le graphe de connaissances remplace (ou compl\u00e8te) la base vectorielle - askem<\/title>\n<meta name=\"description\" content=\"ASKEM BUREAU D&#039;\u00c9TUDES ET DE FORMATION NUM\u00c9RIQUE. Nous vous assistons dans la transformation num\u00e9rique de vos outils, services et organisations tout en pla\u00e7ant l\u2019humain au c\u0153ur de notre d\u00e9marche d\u2019accompagnement.\" \/>\n<meta name=\"robots\" content=\"index, follow, max-snippet:-1, max-image-preview:large, max-video-preview:-1\" \/>\n<link rel=\"canonical\" href=\"https:\/\/askem.eu\/en\/2026\/04\/24\/graphrag-quand-le-graphe-de-connaissances-remplace-ou-complete-la-base-vectorielle\/\" \/>\n<meta property=\"og:locale\" content=\"en_US\" \/>\n<meta property=\"og:type\" content=\"article\" \/>\n<meta property=\"og:title\" content=\"GraphRAG : quand le graphe de connaissances remplace (ou compl\u00e8te) la base vectorielle - askem\" \/>\n<meta property=\"og:description\" content=\"ASKEM BUREAU D&#039;\u00c9TUDES ET DE FORMATION NUM\u00c9RIQUE. Nous vous assistons dans la transformation num\u00e9rique de vos outils, services et organisations tout en pla\u00e7ant l\u2019humain au c\u0153ur de notre d\u00e9marche d\u2019accompagnement.\" \/>\n<meta property=\"og:url\" content=\"https:\/\/askem.eu\/en\/2026\/04\/24\/graphrag-quand-le-graphe-de-connaissances-remplace-ou-complete-la-base-vectorielle\/\" \/>\n<meta property=\"og:site_name\" content=\"askem\" \/>\n<meta property=\"article:publisher\" content=\"https:\/\/fb.me\/askem.eu\" \/>\n<meta property=\"article:published_time\" content=\"2026-04-24T12:08:31+00:00\" \/>\n<meta property=\"article:modified_time\" content=\"2026-04-24T12:08:35+00:00\" \/>\n<meta property=\"og:image\" content=\"https:\/\/mlpi0fxo3sth.i.optimole.com\/cb:3obA.c61\/w:auto\/h:auto\/q:mauto\/f:best\/https:\/\/askem.eu\/wp-content\/uploads\/2026\/04\/sujet-askem-2026-04-23.png\" \/>\n\t<meta property=\"og:image:width\" content=\"1773\" \/>\n\t<meta property=\"og:image:height\" content=\"1133\" \/>\n\t<meta property=\"og:image:type\" content=\"image\/png\" \/>\n<meta name=\"author\" content=\"askemadmin\" \/>\n<meta name=\"twitter:card\" content=\"summary_large_image\" \/>\n<meta name=\"twitter:label1\" content=\"Written by\" \/>\n\t<meta name=\"twitter:data1\" content=\"askemadmin\" \/>\n\t<meta name=\"twitter:label2\" content=\"Est. reading time\" \/>\n\t<meta name=\"twitter:data2\" content=\"4 minutes\" \/>\n<script type=\"application\/ld+json\" class=\"yoast-schema-graph\">{\"@context\":\"https:\\\/\\\/schema.org\",\"@graph\":[{\"@type\":\"Article\",\"@id\":\"https:\\\/\\\/askem.eu\\\/2026\\\/04\\\/24\\\/graphrag-quand-le-graphe-de-connaissances-remplace-ou-complete-la-base-vectorielle\\\/#article\",\"isPartOf\":{\"@id\":\"https:\\\/\\\/askem.eu\\\/2026\\\/04\\\/24\\\/graphrag-quand-le-graphe-de-connaissances-remplace-ou-complete-la-base-vectorielle\\\/\"},\"author\":{\"name\":\"askemadmin\",\"@id\":\"https:\\\/\\\/askem.eu\\\/#\\\/schema\\\/person\\\/8bbee74ab9a977d56bf4826662e9d2e9\"},\"headline\":\"GraphRAG : quand le graphe de connaissances remplace (ou compl\u00e8te) la base vectorielle\",\"datePublished\":\"2026-04-24T12:08:31+00:00\",\"dateModified\":\"2026-04-24T12:08:35+00:00\",\"mainEntityOfPage\":{\"@id\":\"https:\\\/\\\/askem.eu\\\/2026\\\/04\\\/24\\\/graphrag-quand-le-graphe-de-connaissances-remplace-ou-complete-la-base-vectorielle\\\/\"},\"wordCount\":780,\"commentCount\":0,\"publisher\":{\"@id\":\"https:\\\/\\\/askem.eu\\\/#organization\"},\"image\":{\"@id\":\"https:\\\/\\\/askem.eu\\\/2026\\\/04\\\/24\\\/graphrag-quand-le-graphe-de-connaissances-remplace-ou-complete-la-base-vectorielle\\\/#primaryimage\"},\"thumbnailUrl\":\"https:\\/\\/askem.eu\\/wp-content\\/uploads\\/2026\\/04\\/sujet-askem-2026-04-23.png\",\"articleSection\":[\"AI\"],\"inLanguage\":\"en-US\",\"potentialAction\":[{\"@type\":\"CommentAction\",\"name\":\"Comment\",\"target\":[\"https:\\\/\\\/askem.eu\\\/2026\\\/04\\\/24\\\/graphrag-quand-le-graphe-de-connaissances-remplace-ou-complete-la-base-vectorielle\\\/#respond\"]}]},{\"@type\":\"WebPage\",\"@id\":\"https:\\\/\\\/askem.eu\\\/2026\\\/04\\\/24\\\/graphrag-quand-le-graphe-de-connaissances-remplace-ou-complete-la-base-vectorielle\\\/\",\"url\":\"https:\\\/\\\/askem.eu\\\/2026\\\/04\\\/24\\\/graphrag-quand-le-graphe-de-connaissances-remplace-ou-complete-la-base-vectorielle\\\/\",\"name\":\"GraphRAG : quand le graphe de connaissances remplace (ou compl\u00e8te) la base vectorielle - askem\",\"isPartOf\":{\"@id\":\"https:\\\/\\\/askem.eu\\\/#website\"},\"primaryImageOfPage\":{\"@id\":\"https:\\\/\\\/askem.eu\\\/2026\\\/04\\\/24\\\/graphrag-quand-le-graphe-de-connaissances-remplace-ou-complete-la-base-vectorielle\\\/#primaryimage\"},\"image\":{\"@id\":\"https:\\\/\\\/askem.eu\\\/2026\\\/04\\\/24\\\/graphrag-quand-le-graphe-de-connaissances-remplace-ou-complete-la-base-vectorielle\\\/#primaryimage\"},\"thumbnailUrl\":\"https:\\/\\/askem.eu\\/wp-content\\/uploads\\/2026\\/04\\/sujet-askem-2026-04-23.png\",\"datePublished\":\"2026-04-24T12:08:31+00:00\",\"dateModified\":\"2026-04-24T12:08:35+00:00\",\"description\":\"ASKEM BUREAU D'\u00c9TUDES ET DE FORMATION NUM\u00c9RIQUE. Nous vous assistons dans la transformation num\u00e9rique de vos outils, services et organisations tout en pla\u00e7ant l\u2019humain au c\u0153ur de notre d\u00e9marche d\u2019accompagnement.\",\"breadcrumb\":{\"@id\":\"https:\\\/\\\/askem.eu\\\/2026\\\/04\\\/24\\\/graphrag-quand-le-graphe-de-connaissances-remplace-ou-complete-la-base-vectorielle\\\/#breadcrumb\"},\"inLanguage\":\"en-US\",\"potentialAction\":[{\"@type\":\"ReadAction\",\"target\":[\"https:\\\/\\\/askem.eu\\\/2026\\\/04\\\/24\\\/graphrag-quand-le-graphe-de-connaissances-remplace-ou-complete-la-base-vectorielle\\\/\"]}]},{\"@type\":\"ImageObject\",\"inLanguage\":\"en-US\",\"@id\":\"https:\\\/\\\/askem.eu\\\/2026\\\/04\\\/24\\\/graphrag-quand-le-graphe-de-connaissances-remplace-ou-complete-la-base-vectorielle\\\/#primaryimage\",\"url\":\"https:\\/\\/askem.eu\\/wp-content\\/uploads\\/2026\\/04\\/sujet-askem-2026-04-23.png\",\"contentUrl\":\"https:\\/\\/askem.eu\\/wp-content\\/uploads\\/2026\\/04\\/sujet-askem-2026-04-23.png\",\"width\":1773,\"height\":1133},{\"@type\":\"BreadcrumbList\",\"@id\":\"https:\\\/\\\/askem.eu\\\/2026\\\/04\\\/24\\\/graphrag-quand-le-graphe-de-connaissances-remplace-ou-complete-la-base-vectorielle\\\/#breadcrumb\",\"itemListElement\":[{\"@type\":\"ListItem\",\"position\":1,\"name\":\"Accueil\",\"item\":\"https:\\\/\\\/askem.eu\\\/\"},{\"@type\":\"ListItem\",\"position\":2,\"name\":\"GraphRAG : quand le graphe de connaissances remplace (ou compl\u00e8te) la base vectorielle\"}]},{\"@type\":\"WebSite\",\"@id\":\"https:\\\/\\\/askem.eu\\\/#website\",\"url\":\"https:\\\/\\\/askem.eu\\\/\",\"name\":\"askem\",\"description\":\"\",\"publisher\":{\"@id\":\"https:\\\/\\\/askem.eu\\\/#organization\"},\"potentialAction\":[{\"@type\":\"SearchAction\",\"target\":{\"@type\":\"EntryPoint\",\"urlTemplate\":\"https:\\\/\\\/askem.eu\\\/?s={search_term_string}\"},\"query-input\":{\"@type\":\"PropertyValueSpecification\",\"valueRequired\":true,\"valueName\":\"search_term_string\"}}],\"inLanguage\":\"en-US\"},{\"@type\":\"Organization\",\"@id\":\"https:\\\/\\\/askem.eu\\\/#organization\",\"name\":\"Askem\",\"url\":\"https:\\\/\\\/askem.eu\\\/\",\"logo\":{\"@type\":\"ImageObject\",\"inLanguage\":\"en-US\",\"@id\":\"https:\\\/\\\/askem.eu\\\/#\\\/schema\\\/logo\\\/image\\\/\",\"url\":\"https:\\/\\/mlpi0fxo3sth.i.optimole.com\\/cb:3obA.c61\\/w:760\\/h:480\\/q:mauto\\/f:best\\/https:\\/\\/askem.eu\\/wp-content\\/uploads\\/2020\\/10\\/logoGalaxieAskem3.png\",\"contentUrl\":\"https:\\/\\/mlpi0fxo3sth.i.optimole.com\\/cb:3obA.c61\\/w:760\\/h:480\\/q:mauto\\/f:best\\/https:\\/\\/askem.eu\\/wp-content\\/uploads\\/2020\\/10\\/logoGalaxieAskem3.png\",\"width\":760,\"height\":480,\"caption\":\"Askem\"},\"image\":{\"@id\":\"https:\\\/\\\/askem.eu\\\/#\\\/schema\\\/logo\\\/image\\\/\"},\"sameAs\":[\"https:\\\/\\\/fb.me\\\/askem.eu\",\"https:\\\/\\\/linkedin.com\\\/company\\\/askem-eu\"]},{\"@type\":\"Person\",\"@id\":\"https:\\\/\\\/askem.eu\\\/#\\\/schema\\\/person\\\/8bbee74ab9a977d56bf4826662e9d2e9\",\"name\":\"askemadmin\",\"image\":{\"@type\":\"ImageObject\",\"inLanguage\":\"en-US\",\"@id\":\"https:\\\/\\\/secure.gravatar.com\\\/avatar\\\/a202f744ee3a4b6fdbe2ceb57fd84c72559337791a276662270d8d2fb7842e3f?s=96&d=mm&r=g\",\"url\":\"https:\\\/\\\/secure.gravatar.com\\\/avatar\\\/a202f744ee3a4b6fdbe2ceb57fd84c72559337791a276662270d8d2fb7842e3f?s=96&d=mm&r=g\",\"contentUrl\":\"https:\\\/\\\/secure.gravatar.com\\\/avatar\\\/a202f744ee3a4b6fdbe2ceb57fd84c72559337791a276662270d8d2fb7842e3f?s=96&d=mm&r=g\",\"caption\":\"askemadmin\"},\"sameAs\":[\"https:\\\/\\\/askem.eu\"]}]}<\/script>\n<!-- \/ Yoast SEO plugin. -->","yoast_head_json":{"title":"GraphRAG : quand le graphe de connaissances remplace (ou compl\u00e8te) la base vectorielle - askem","description":"ASKEM BUREAU D'\u00c9TUDES ET DE FORMATION NUM\u00c9RIQUE. Nous vous assistons dans la transformation num\u00e9rique de vos outils, services et organisations tout en pla\u00e7ant l\u2019humain au c\u0153ur de notre d\u00e9marche d\u2019accompagnement.","robots":{"index":"index","follow":"follow","max-snippet":"max-snippet:-1","max-image-preview":"max-image-preview:large","max-video-preview":"max-video-preview:-1"},"canonical":"https:\/\/askem.eu\/en\/2026\/04\/24\/graphrag-quand-le-graphe-de-connaissances-remplace-ou-complete-la-base-vectorielle\/","og_locale":"en_US","og_type":"article","og_title":"GraphRAG : quand le graphe de connaissances remplace (ou compl\u00e8te) la base vectorielle - askem","og_description":"ASKEM BUREAU D'\u00c9TUDES ET DE FORMATION NUM\u00c9RIQUE. Nous vous assistons dans la transformation num\u00e9rique de vos outils, services et organisations tout en pla\u00e7ant l\u2019humain au c\u0153ur de notre d\u00e9marche d\u2019accompagnement.","og_url":"https:\/\/askem.eu\/en\/2026\/04\/24\/graphrag-quand-le-graphe-de-connaissances-remplace-ou-complete-la-base-vectorielle\/","og_site_name":"askem","article_publisher":"https:\/\/fb.me\/askem.eu","article_published_time":"2026-04-24T12:08:31+00:00","article_modified_time":"2026-04-24T12:08:35+00:00","og_image":[{"width":1773,"height":1133,"url":"https:\/\/mlpi0fxo3sth.i.optimole.com\/cb:3obA.c61\/w:auto\/h:auto\/q:mauto\/f:best\/https:\/\/askem.eu\/wp-content\/uploads\/2026\/04\/sujet-askem-2026-04-23.png","type":"image\/png"}],"author":"askemadmin","twitter_card":"summary_large_image","twitter_misc":{"Written by":"askemadmin","Est. reading time":"4 minutes"},"schema":{"@context":"https:\/\/schema.org","@graph":[{"@type":"Article","@id":"https:\/\/askem.eu\/2026\/04\/24\/graphrag-quand-le-graphe-de-connaissances-remplace-ou-complete-la-base-vectorielle\/#article","isPartOf":{"@id":"https:\/\/askem.eu\/2026\/04\/24\/graphrag-quand-le-graphe-de-connaissances-remplace-ou-complete-la-base-vectorielle\/"},"author":{"name":"askemadmin","@id":"https:\/\/askem.eu\/#\/schema\/person\/8bbee74ab9a977d56bf4826662e9d2e9"},"headline":"GraphRAG : quand le graphe de connaissances remplace (ou compl\u00e8te) la base vectorielle","datePublished":"2026-04-24T12:08:31+00:00","dateModified":"2026-04-24T12:08:35+00:00","mainEntityOfPage":{"@id":"https:\/\/askem.eu\/2026\/04\/24\/graphrag-quand-le-graphe-de-connaissances-remplace-ou-complete-la-base-vectorielle\/"},"wordCount":780,"commentCount":0,"publisher":{"@id":"https:\/\/askem.eu\/#organization"},"image":{"@id":"https:\/\/askem.eu\/2026\/04\/24\/graphrag-quand-le-graphe-de-connaissances-remplace-ou-complete-la-base-vectorielle\/#primaryimage"},"thumbnailUrl":"https:\/\/mlpi0fxo3sth.i.optimole.com\/cb:3obA.c61\/w:auto\/h:auto\/q:mauto\/f:best\/https:\/\/askem.eu\/wp-content\/uploads\/2026\/04\/sujet-askem-2026-04-23.png","articleSection":["AI"],"inLanguage":"en-US","potentialAction":[{"@type":"CommentAction","name":"Comment","target":["https:\/\/askem.eu\/2026\/04\/24\/graphrag-quand-le-graphe-de-connaissances-remplace-ou-complete-la-base-vectorielle\/#respond"]}]},{"@type":"WebPage","@id":"https:\/\/askem.eu\/2026\/04\/24\/graphrag-quand-le-graphe-de-connaissances-remplace-ou-complete-la-base-vectorielle\/","url":"https:\/\/askem.eu\/2026\/04\/24\/graphrag-quand-le-graphe-de-connaissances-remplace-ou-complete-la-base-vectorielle\/","name":"GraphRAG : quand le graphe de connaissances remplace (ou compl\u00e8te) la base vectorielle - askem","isPartOf":{"@id":"https:\/\/askem.eu\/#website"},"primaryImageOfPage":{"@id":"https:\/\/askem.eu\/2026\/04\/24\/graphrag-quand-le-graphe-de-connaissances-remplace-ou-complete-la-base-vectorielle\/#primaryimage"},"image":{"@id":"https:\/\/askem.eu\/2026\/04\/24\/graphrag-quand-le-graphe-de-connaissances-remplace-ou-complete-la-base-vectorielle\/#primaryimage"},"thumbnailUrl":"https:\/\/mlpi0fxo3sth.i.optimole.com\/cb:3obA.c61\/w:auto\/h:auto\/q:mauto\/f:best\/https:\/\/askem.eu\/wp-content\/uploads\/2026\/04\/sujet-askem-2026-04-23.png","datePublished":"2026-04-24T12:08:31+00:00","dateModified":"2026-04-24T12:08:35+00:00","description":"ASKEM BUREAU D'\u00c9TUDES ET DE FORMATION NUM\u00c9RIQUE. Nous vous assistons dans la transformation num\u00e9rique de vos outils, services et organisations tout en pla\u00e7ant l\u2019humain au c\u0153ur de notre d\u00e9marche d\u2019accompagnement.","breadcrumb":{"@id":"https:\/\/askem.eu\/2026\/04\/24\/graphrag-quand-le-graphe-de-connaissances-remplace-ou-complete-la-base-vectorielle\/#breadcrumb"},"inLanguage":"en-US","potentialAction":[{"@type":"ReadAction","target":["https:\/\/askem.eu\/2026\/04\/24\/graphrag-quand-le-graphe-de-connaissances-remplace-ou-complete-la-base-vectorielle\/"]}]},{"@type":"ImageObject","inLanguage":"en-US","@id":"https:\/\/askem.eu\/2026\/04\/24\/graphrag-quand-le-graphe-de-connaissances-remplace-ou-complete-la-base-vectorielle\/#primaryimage","url":"https:\/\/mlpi0fxo3sth.i.optimole.com\/cb:3obA.c61\/w:auto\/h:auto\/q:mauto\/f:best\/https:\/\/askem.eu\/wp-content\/uploads\/2026\/04\/sujet-askem-2026-04-23.png","contentUrl":"https:\/\/mlpi0fxo3sth.i.optimole.com\/cb:3obA.c61\/w:auto\/h:auto\/q:mauto\/f:best\/https:\/\/askem.eu\/wp-content\/uploads\/2026\/04\/sujet-askem-2026-04-23.png","width":1773,"height":1133},{"@type":"BreadcrumbList","@id":"https:\/\/askem.eu\/2026\/04\/24\/graphrag-quand-le-graphe-de-connaissances-remplace-ou-complete-la-base-vectorielle\/#breadcrumb","itemListElement":[{"@type":"ListItem","position":1,"name":"Accueil","item":"https:\/\/askem.eu\/"},{"@type":"ListItem","position":2,"name":"GraphRAG : quand le graphe de connaissances remplace (ou compl\u00e8te) la base vectorielle"}]},{"@type":"WebSite","@id":"https:\/\/askem.eu\/#website","url":"https:\/\/askem.eu\/","name":"askem","description":"","publisher":{"@id":"https:\/\/askem.eu\/#organization"},"potentialAction":[{"@type":"SearchAction","target":{"@type":"EntryPoint","urlTemplate":"https:\/\/askem.eu\/?s={search_term_string}"},"query-input":{"@type":"PropertyValueSpecification","valueRequired":true,"valueName":"search_term_string"}}],"inLanguage":"en-US"},{"@type":"Organization","@id":"https:\/\/askem.eu\/#organization","name":"Askem","url":"https:\/\/askem.eu\/","logo":{"@type":"ImageObject","inLanguage":"en-US","@id":"https:\/\/askem.eu\/#\/schema\/logo\/image\/","url":"https:\/\/mlpi0fxo3sth.i.optimole.com\/cb:3obA.c61\/w:760\/h:480\/q:mauto\/f:best\/https:\/\/askem.eu\/wp-content\/uploads\/2020\/10\/logoGalaxieAskem3.png","contentUrl":"https:\/\/mlpi0fxo3sth.i.optimole.com\/cb:3obA.c61\/w:760\/h:480\/q:mauto\/f:best\/https:\/\/askem.eu\/wp-content\/uploads\/2020\/10\/logoGalaxieAskem3.png","width":760,"height":480,"caption":"Askem"},"image":{"@id":"https:\/\/askem.eu\/#\/schema\/logo\/image\/"},"sameAs":["https:\/\/fb.me\/askem.eu","https:\/\/linkedin.com\/company\/askem-eu"]},{"@type":"Person","@id":"https:\/\/askem.eu\/#\/schema\/person\/8bbee74ab9a977d56bf4826662e9d2e9","name":"askemadmin","image":{"@type":"ImageObject","inLanguage":"en-US","@id":"https:\/\/secure.gravatar.com\/avatar\/a202f744ee3a4b6fdbe2ceb57fd84c72559337791a276662270d8d2fb7842e3f?s=96&d=mm&r=g","url":"https:\/\/secure.gravatar.com\/avatar\/a202f744ee3a4b6fdbe2ceb57fd84c72559337791a276662270d8d2fb7842e3f?s=96&d=mm&r=g","contentUrl":"https:\/\/secure.gravatar.com\/avatar\/a202f744ee3a4b6fdbe2ceb57fd84c72559337791a276662270d8d2fb7842e3f?s=96&d=mm&r=g","caption":"askemadmin"},"sameAs":["https:\/\/askem.eu"]}]}},"_links":{"self":[{"href":"https:\/\/askem.eu\/en\/wp-json\/wp\/v2\/posts\/2285","targetHints":{"allow":["GET"]}}],"collection":[{"href":"https:\/\/askem.eu\/en\/wp-json\/wp\/v2\/posts"}],"about":[{"href":"https:\/\/askem.eu\/en\/wp-json\/wp\/v2\/types\/post"}],"author":[{"embeddable":true,"href":"https:\/\/askem.eu\/en\/wp-json\/wp\/v2\/users\/1"}],"replies":[{"embeddable":true,"href":"https:\/\/askem.eu\/en\/wp-json\/wp\/v2\/comments?post=2285"}],"version-history":[{"count":1,"href":"https:\/\/askem.eu\/en\/wp-json\/wp\/v2\/posts\/2285\/revisions"}],"predecessor-version":[{"id":2287,"href":"https:\/\/askem.eu\/en\/wp-json\/wp\/v2\/posts\/2285\/revisions\/2287"}],"wp:featuredmedia":[{"embeddable":true,"href":"https:\/\/askem.eu\/en\/wp-json\/wp\/v2\/media\/2286"}],"wp:attachment":[{"href":"https:\/\/askem.eu\/en\/wp-json\/wp\/v2\/media?parent=2285"}],"wp:term":[{"taxonomy":"category","embeddable":true,"href":"https:\/\/askem.eu\/en\/wp-json\/wp\/v2\/categories?post=2285"},{"taxonomy":"post_tag","embeddable":true,"href":"https:\/\/askem.eu\/en\/wp-json\/wp\/v2\/tags?post=2285"}],"curies":[{"name":"wp","href":"https:\/\/api.w.org\/{rel}","templated":true}]}}